{"id":3042,"date":"2020-09-18T22:11:57","date_gmt":"2020-09-18T20:11:57","guid":{"rendered":"http:\/\/2016.treffendel.fr\/?p=3042"},"modified":"2020-11-17T18:32:02","modified_gmt":"2020-11-17T17:32:02","slug":"permanences-a-lattention-des-associations","status":"publish","type":"post","link":"https:\/\/www.treffendel.fr\/?p=3042","title":{"rendered":"permanences \u00e0 l\u2019attention des associations"},"content":{"rendered":"<p>mise en place de <strong>permanences \u00e0 l\u2019attention des associations<\/strong> en partenariat avec le P\u00f4le Economie Sociale et solidaire du Pays de Broc\u00e9liande \u00e0 compter de mardi prochain 22 septembre 2020 de 18h \u00e0 19h.<\/p>\n<p>Ces permanences auront \u00e0 la <strong>maison communautaire des associations \u00e0 Saint P\u00e9ran<\/strong> avec Anne Bruzac du p\u00f4le ESS (6 dates pour cette fin d\u2019ann\u00e9e 2020).<\/p>\n<p><img loading=\"lazy\" class=\"alignnone wp-image-3044 size-full\" src=\"http:\/\/2016.treffendel.fr\/wp-content\/uploads\/2020\/09\/Affiche-PermanencesAssos-Sept20.jpg\" alt=\"\" width=\"566\" height=\"800\" srcset=\"https:\/\/www.treffendel.fr\/wp-content\/uploads\/2020\/09\/Affiche-PermanencesAssos-Sept20.jpg 566w, https:\/\/www.treffendel.fr\/wp-content\/uploads\/2020\/09\/Affiche-PermanencesAssos-Sept20-212x300.jpg 212w, https:\/\/www.treffendel.fr\/wp-content\/uploads\/2020\/09\/Affiche-PermanencesAssos-Sept20-500x707.jpg 500w\" sizes=\"(max-width: 566px) 100vw, 566px\" \/><\/p>\n<p>&nbsp;<\/p>\n","protected":false},"excerpt":{"rendered":"<p>mise en place de permanences \u00e0 l\u2019attention des associations en partenariat avec le P\u00f4le Economie Sociale et solidaire du Pays de Broc\u00e9liande \u00e0 compter de mardi prochain 22 septembre 2020 de 18h \u00e0 19h. Ces permanences auront \u00e0 la maison communautaire des associations \u00e0 Saint P\u00e9ran avec Anne Bruzac du p\u00f4le ESS (6 dates pour [&hellip;]<\/p>\n","protected":false},"author":1,"featured_media":3086,"comment_status":"closed","ping_status":"open","sticky":false,"template":"","format":"standard","meta":[],"categories":[1,23],"tags":[],"_links":{"self":[{"href":"https:\/\/www.treffendel.fr\/index.php?rest_route=\/wp\/v2\/posts\/3042"}],"collection":[{"href":"https:\/\/www.treffendel.fr\/index.php?rest_route=\/wp\/v2\/posts"}],"about":[{"href":"https:\/\/www.treffendel.fr\/index.php?rest_route=\/wp\/v2\/types\/post"}],"author":[{"embeddable":true,"href":"https:\/\/www.treffendel.fr\/index.php?rest_route=\/wp\/v2\/users\/1"}],"replies":[{"embeddable":true,"href":"https:\/\/www.treffendel.fr\/index.php?rest_route=%2Fwp%2Fv2%2Fcomments&post=3042"}],"version-history":[{"count":1,"href":"https:\/\/www.treffendel.fr\/index.php?rest_route=\/wp\/v2\/posts\/3042\/revisions"}],"predecessor-version":[{"id":3045,"href":"https:\/\/www.treffendel.fr\/index.php?rest_route=\/wp\/v2\/posts\/3042\/revisions\/3045"}],"wp:featuredmedia":[{"embeddable":true,"href":"https:\/\/www.treffendel.fr\/index.php?rest_route=\/wp\/v2\/media\/3086"}],"wp:attachment":[{"href":"https:\/\/www.treffendel.fr\/index.php?rest_route=%2Fwp%2Fv2%2Fmedia&parent=3042"}],"wp:term":[{"taxonomy":"category","embeddable":true,"href":"https:\/\/www.treffendel.fr\/index.php?rest_route=%2Fwp%2Fv2%2Fcategories&post=3042"},{"taxonomy":"post_tag","embeddable":true,"href":"https:\/\/www.treffendel.fr\/index.php?rest_route=%2Fwp%2Fv2%2Ftags&post=3042"}],"curies":[{"name":"wp","href":"https:\/\/api.w.org\/{rel}","templated":true}]}}