{"id":4312,"date":"2022-05-30T09:33:35","date_gmt":"2022-05-30T07:33:35","guid":{"rendered":"https:\/\/www.treffendel.fr\/?p=4312"},"modified":"2022-05-30T09:33:35","modified_gmt":"2022-05-30T07:33:35","slug":"alerte-secheresse","status":"publish","type":"post","link":"https:\/\/www.treffendel.fr\/?p=4312","title":{"rendered":"Alerte s\u00e9cheresse"},"content":{"rendered":"\n<p>Le d\u00e9partement d&rsquo;Ille et Vilaine est en \u00e9tat d&rsquo;ALERTE SECHERESSE pour les usages d&rsquo;eau potable :\u00a0<\/p>\n<p><a href=\"https:\/\/www.treffendel.fr\/wp-content\/uploads\/2022\/05\/20220518_APsecheresse__Alerte.pdf\">Arr\u00eat\u00e9 pr\u00e9fectoral<\/a><\/p>\n","protected":false},"excerpt":{"rendered":"<p>Le d\u00e9partement d&rsquo;Ille et Vilaine est en \u00e9tat d&rsquo;ALERTE SECHERESSE pour les usages d&rsquo;eau potable :\u00a0 Arr\u00eat\u00e9 pr\u00e9fectoral<\/p>\n","protected":false},"author":1,"featured_media":0,"comment_status":"closed","ping_status":"open","sticky":false,"template":"","format":"standard","meta":[],"categories":[1],"tags":[],"_links":{"self":[{"href":"https:\/\/www.treffendel.fr\/index.php?rest_route=\/wp\/v2\/posts\/4312"}],"collection":[{"href":"https:\/\/www.treffendel.fr\/index.php?rest_route=\/wp\/v2\/posts"}],"about":[{"href":"https:\/\/www.treffendel.fr\/index.php?rest_route=\/wp\/v2\/types\/post"}],"author":[{"embeddable":true,"href":"https:\/\/www.treffendel.fr\/index.php?rest_route=\/wp\/v2\/users\/1"}],"replies":[{"embeddable":true,"href":"https:\/\/www.treffendel.fr\/index.php?rest_route=%2Fwp%2Fv2%2Fcomments&post=4312"}],"version-history":[{"count":1,"href":"https:\/\/www.treffendel.fr\/index.php?rest_route=\/wp\/v2\/posts\/4312\/revisions"}],"predecessor-version":[{"id":4314,"href":"https:\/\/www.treffendel.fr\/index.php?rest_route=\/wp\/v2\/posts\/4312\/revisions\/4314"}],"wp:attachment":[{"href":"https:\/\/www.treffendel.fr\/index.php?rest_route=%2Fwp%2Fv2%2Fmedia&parent=4312"}],"wp:term":[{"taxonomy":"category","embeddable":true,"href":"https:\/\/www.treffendel.fr\/index.php?rest_route=%2Fwp%2Fv2%2Fcategories&post=4312"},{"taxonomy":"post_tag","embeddable":true,"href":"https:\/\/www.treffendel.fr\/index.php?rest_route=%2Fwp%2Fv2%2Ftags&post=4312"}],"curies":[{"name":"wp","href":"https:\/\/api.w.org\/{rel}","templated":true}]}}