{"id":4493,"date":"2022-09-13T09:58:03","date_gmt":"2022-09-13T07:58:03","guid":{"rendered":"https:\/\/www.treffendel.fr\/?p=4493"},"modified":"2022-10-07T15:17:28","modified_gmt":"2022-10-07T13:17:28","slug":"fete-des-classes-2","status":"publish","type":"post","link":"https:\/\/www.treffendel.fr\/?p=4493","title":{"rendered":"F\u00eate des classes 2"},"content":{"rendered":"\n<p>Une journ\u00e9e interg\u00e9n\u00e9rationnelle organis\u00e9e par les jeunes de 20 ans.<\/p>\n<p><img loading=\"lazy\" class=\"alignnone size-full wp-image-4492\" src=\"https:\/\/www.treffendel.fr\/wp-content\/uploads\/2022\/09\/Classes-Treffendel-2022.jpg\" alt=\"\" width=\"1798\" height=\"1199\" srcset=\"https:\/\/www.treffendel.fr\/wp-content\/uploads\/2022\/09\/Classes-Treffendel-2022.jpg 1798w, https:\/\/www.treffendel.fr\/wp-content\/uploads\/2022\/09\/Classes-Treffendel-2022-300x200.jpg 300w, https:\/\/www.treffendel.fr\/wp-content\/uploads\/2022\/09\/Classes-Treffendel-2022-1024x683.jpg 1024w, https:\/\/www.treffendel.fr\/wp-content\/uploads\/2022\/09\/Classes-Treffendel-2022-768x512.jpg 768w, https:\/\/www.treffendel.fr\/wp-content\/uploads\/2022\/09\/Classes-Treffendel-2022-1536x1024.jpg 1536w, https:\/\/www.treffendel.fr\/wp-content\/uploads\/2022\/09\/Classes-Treffendel-2022-900x600.jpg 900w, https:\/\/www.treffendel.fr\/wp-content\/uploads\/2022\/09\/Classes-Treffendel-2022-1280x854.jpg 1280w\" sizes=\"(max-width: 1798px) 100vw, 1798px\" \/><\/p>\n<p style=\"text-align: center;\">cr\u00e9dit photo \u00ab\u00a0Studio Mignot\u00a0\u00bb<\/p>\n","protected":false},"excerpt":{"rendered":"<p>Une journ\u00e9e interg\u00e9n\u00e9rationnelle organis\u00e9e par les jeunes de 20 ans. cr\u00e9dit photo \u00ab\u00a0Studio Mignot\u00a0\u00bb<\/p>\n","protected":false},"author":1,"featured_media":0,"comment_status":"closed","ping_status":"open","sticky":false,"template":"","format":"standard","meta":[],"categories":[1,5],"tags":[],"_links":{"self":[{"href":"https:\/\/www.treffendel.fr\/index.php?rest_route=\/wp\/v2\/posts\/4493"}],"collection":[{"href":"https:\/\/www.treffendel.fr\/index.php?rest_route=\/wp\/v2\/posts"}],"about":[{"href":"https:\/\/www.treffendel.fr\/index.php?rest_route=\/wp\/v2\/types\/post"}],"author":[{"embeddable":true,"href":"https:\/\/www.treffendel.fr\/index.php?rest_route=\/wp\/v2\/users\/1"}],"replies":[{"embeddable":true,"href":"https:\/\/www.treffendel.fr\/index.php?rest_route=%2Fwp%2Fv2%2Fcomments&post=4493"}],"version-history":[{"count":2,"href":"https:\/\/www.treffendel.fr\/index.php?rest_route=\/wp\/v2\/posts\/4493\/revisions"}],"predecessor-version":[{"id":4495,"href":"https:\/\/www.treffendel.fr\/index.php?rest_route=\/wp\/v2\/posts\/4493\/revisions\/4495"}],"wp:attachment":[{"href":"https:\/\/www.treffendel.fr\/index.php?rest_route=%2Fwp%2Fv2%2Fmedia&parent=4493"}],"wp:term":[{"taxonomy":"category","embeddable":true,"href":"https:\/\/www.treffendel.fr\/index.php?rest_route=%2Fwp%2Fv2%2Fcategories&post=4493"},{"taxonomy":"post_tag","embeddable":true,"href":"https:\/\/www.treffendel.fr\/index.php?rest_route=%2Fwp%2Fv2%2Ftags&post=4493"}],"curies":[{"name":"wp","href":"https:\/\/api.w.org\/{rel}","templated":true}]}}