{"id":4714,"date":"2022-11-29T09:22:55","date_gmt":"2022-11-29T08:22:55","guid":{"rendered":"https:\/\/www.treffendel.fr\/?p=4714"},"modified":"2023-02-24T11:19:40","modified_gmt":"2023-02-24T10:19:40","slug":"espace-de-gratuite-mercredi-14-decembre","status":"publish","type":"post","link":"https:\/\/www.treffendel.fr\/?p=4714","title":{"rendered":"espace de gratuit\u00e9 : mercredi 22 mars"},"content":{"rendered":"\n<div class=\"x11i5rnm xat24cr x1mh8g0r x1vvkbs xdj266r x126k92a\">\n<div dir=\"auto\">Les associations de Etre&rsquo;s Environnement Treffendel Solidaire, des transports solidaires de l&rsquo;ADMR, de l&rsquo;L&rsquo;Inter&rsquo;Val ainsi que le D\u00e9partement d&rsquo;Ille-et-Vilaine sont heureux de vous retrouver le<\/div>\n<h3 dir=\"auto\">Mercredi 22 mars<\/h3>\n<h3 dir=\"auto\">de 14h \u00e0 18h \u00e0 la salle des f\u00eates Treffendel.<\/h3>\n<\/div>\n<div class=\"x11i5rnm xat24cr x1mh8g0r x1vvkbs xtlvy1s x126k92a\">\n<div dir=\"auto\"><span class=\"x3nfvp2 x1j61x8r x1fcty0u xdj266r xhhsvwb xat24cr xgzva0m xxymvpz xlup9mm x1kky2od\"><img loading=\"lazy\" src=\"https:\/\/static.xx.fbcdn.net\/images\/emoji.php\/v9\/t30\/1\/16\/1f514.png\" alt=\"&#x1f514;\" width=\"16\" height=\"16\" \/><\/span><span class=\"x3nfvp2 x1j61x8r x1fcty0u xdj266r xhhsvwb xat24cr xgzva0m xxymvpz xlup9mm x1kky2od\"><img loading=\"lazy\" src=\"https:\/\/static.xx.fbcdn.net\/images\/emoji.php\/v9\/t30\/1\/16\/1f514.png\" alt=\"&#x1f514;\" width=\"16\" height=\"16\" \/><\/span>Faites le tri et venez d\u00e9poser vos objets (en bon \u00e9tat et propres!) le :<\/div>\n<ul>\n<li dir=\"auto\">samedi 10 d\u00e9cembre 9h30 \u00e0 12h \u00e0 l&rsquo;atelier associatif de Etres, \u00e0 Treffendel<\/li>\n<li dir=\"auto\">mercredi 14 d\u00e9cembre de 9h30 \u00e0 12h30 et de 14h \u00e0 15h30 \u00e0 la salle des f\u00eates de Treffendel<\/li>\n<\/ul>\n<div dir=\"auto\"><span class=\"x3nfvp2 x1j61x8r x1fcty0u xdj266r xhhsvwb xat24cr xgzva0m xxymvpz xlup9mm x1kky2od\"><img loading=\"lazy\" src=\"https:\/\/static.xx.fbcdn.net\/images\/emoji.php\/v9\/tac\/1\/16\/1f4cc.png\" alt=\"&#x1f4cc;\" width=\"16\" height=\"16\" \/><\/span>Quelques r\u00e8gles \u00e0 respecter : le d\u00e9p\u00f4t de v\u00eatements et d&rsquo;encombrants n&rsquo;est pas autoris\u00e9.<\/div>\n<div dir=\"auto\"><span class=\"x3nfvp2 x1j61x8r x1fcty0u xdj266r xhhsvwb xat24cr xgzva0m xxymvpz xlup9mm x1kky2od\"><img loading=\"lazy\" src=\"https:\/\/static.xx.fbcdn.net\/images\/emoji.php\/v9\/t51\/1\/16\/1f449.png\" alt=\"&#x1f449;\" width=\"16\" height=\"16\" \/><\/span>Participez \u00e0 des ateliers cr\u00e9atifs et trouvez des ressources pour r\u00e9duire vos consommations d&rsquo;\u00e9nergie.<\/div>\n<div dir=\"auto\"><img loading=\"lazy\" class=\"alignnone size-full wp-image-4932\" src=\"https:\/\/www.treffendel.fr\/wp-content\/uploads\/2022\/11\/espace-de-gratuite-mars-2023.jpg\" alt=\"\" width=\"566\" height=\"800\" srcset=\"https:\/\/www.treffendel.fr\/wp-content\/uploads\/2022\/11\/espace-de-gratuite-mars-2023.jpg 566w, https:\/\/www.treffendel.fr\/wp-content\/uploads\/2022\/11\/espace-de-gratuite-mars-2023-212x300.jpg 212w\" sizes=\"(max-width: 566px) 100vw, 566px\" \/><\/div>\n<\/div>\n<div dir=\"auto\">\u00a0<\/div>\n<h3 dir=\"auto\"><a href=\"https:\/\/www.linterval.org\/lespace-de-gratuite-a-treffendel-rendez-vous-le-14-decembre\/?utm_source=sendinblue&amp;utm_campaign=FLASH%20INFO%20DECEMBRE&amp;utm_medium=email\" target=\"_blank\" rel=\"noopener noreferrer\">plus d&rsquo;infos<\/a><\/h3>\n<div class=\"x11i5rnm xat24cr x1mh8g0r x1vvkbs xtlvy1s x126k92a\">\n<div dir=\"auto\">\u00a0<\/div>\n<\/div>\n","protected":false},"excerpt":{"rendered":"<p>Les associations de Etre&rsquo;s Environnement Treffendel Solidaire, des transports solidaires de l&rsquo;ADMR, de l&rsquo;L&rsquo;Inter&rsquo;Val ainsi que le D\u00e9partement d&rsquo;Ille-et-Vilaine sont heureux de vous retrouver le Mercredi 22 mars de 14h \u00e0 18h \u00e0 la salle des f\u00eates Treffendel. Faites le tri et venez d\u00e9poser vos objets (en bon \u00e9tat et propres!) le : samedi 10 [&hellip;]<\/p>\n","protected":false},"author":1,"featured_media":0,"comment_status":"closed","ping_status":"open","sticky":false,"template":"","format":"standard","meta":[],"categories":[1,16],"tags":[],"_links":{"self":[{"href":"https:\/\/www.treffendel.fr\/index.php?rest_route=\/wp\/v2\/posts\/4714"}],"collection":[{"href":"https:\/\/www.treffendel.fr\/index.php?rest_route=\/wp\/v2\/posts"}],"about":[{"href":"https:\/\/www.treffendel.fr\/index.php?rest_route=\/wp\/v2\/types\/post"}],"author":[{"embeddable":true,"href":"https:\/\/www.treffendel.fr\/index.php?rest_route=\/wp\/v2\/users\/1"}],"replies":[{"embeddable":true,"href":"https:\/\/www.treffendel.fr\/index.php?rest_route=%2Fwp%2Fv2%2Fcomments&post=4714"}],"version-history":[{"count":6,"href":"https:\/\/www.treffendel.fr\/index.php?rest_route=\/wp\/v2\/posts\/4714\/revisions"}],"predecessor-version":[{"id":4933,"href":"https:\/\/www.treffendel.fr\/index.php?rest_route=\/wp\/v2\/posts\/4714\/revisions\/4933"}],"wp:attachment":[{"href":"https:\/\/www.treffendel.fr\/index.php?rest_route=%2Fwp%2Fv2%2Fmedia&parent=4714"}],"wp:term":[{"taxonomy":"category","embeddable":true,"href":"https:\/\/www.treffendel.fr\/index.php?rest_route=%2Fwp%2Fv2%2Fcategories&post=4714"},{"taxonomy":"post_tag","embeddable":true,"href":"https:\/\/www.treffendel.fr\/index.php?rest_route=%2Fwp%2Fv2%2Ftags&post=4714"}],"curies":[{"name":"wp","href":"https:\/\/api.w.org\/{rel}","templated":true}]}}