{"id":4774,"date":"2022-12-29T15:24:47","date_gmt":"2022-12-29T14:24:47","guid":{"rendered":"https:\/\/www.treffendel.fr\/?p=4774"},"modified":"2023-02-24T11:21:40","modified_gmt":"2023-02-24T10:21:40","slug":"nouveau-ligne-de-bus-plelan-le-grand-redon","status":"publish","type":"post","link":"https:\/\/www.treffendel.fr\/?p=4774","title":{"rendered":"NOUVEAU ! ligne de bus Pl\u00e9lan le Grand \/ Redon"},"content":{"rendered":"\n<p><strong>La R\u00e9gion Bretagne et les communaut\u00e9s de communes du territoire agissent pour faciliter la mobilit\u00e9 des habitant.e.s\u00a0<\/strong><\/p>\n<h3><strong>Une nouvelle ligne de transport en commun BreizhGo ouvre \u00e0 compter du 3 janvier 2023 entre Pl\u00e9lan-Le-Grand et Redon\u00a0<\/strong><\/h3>\n<p>Dans un contexte \u00e9conomique et social difficile, les \u00e9lus locaux souhaitent apporter des r\u00e9ponses aux habitants en mati\u00e8re de mobilit\u00e9. L\u2019ouverture d\u2019une ligne de car BreizhGo entre Pl\u00e9lan-le-Grand et Redon en fait partie, <strong>en desservant les principales communes sur l\u2019axe, toute l\u2019ann\u00e9e, et en r\u00e9pondant aux principaux besoins identifi\u00e9s, \u00e0 savoir la desserte scolaire, les d\u00e9placements pendulaires en horaires d\u00e9cal\u00e9s \u00e0 destination des entreprises du territoire, et une connexion au r\u00e9seau de transport existant.<\/strong><\/p>\n<p>Cette exp\u00e9rimentation, programm\u00e9e pour 3 ans \u00e0 compter du 3 janvier 2023, int\u00e8gre le r\u00e9seau BreizhGo, g\u00e9r\u00e9 par la R\u00e9gion Bretagne. Les cars affr\u00e9t\u00e9s sont de la soci\u00e9t\u00e9 de transport Linevia, implant\u00e9e \u00e0 Guer dans le Morbihan.<\/p>\n<p>Concr\u00e8tement, la Ligne 12 Pl\u00e9lan-le-Grand \/ Redon effectue 4 allers-retours, du lundi au vendredi avec des d\u00e9parts d\u00e8s 4 h du matin et jusqu\u2019\u00e0 21 h le soir, compl\u00e9t\u00e9e par 15 services partiels et le samedi, 3 allers-retours. Au d\u00e9part de Pl\u00e9lan-le-Grand, la ligne dessert les communes de Beignon, Saint-Malo-de-Beignon, Guer, Carentoir, La Gacilly, Cournon, Bains-sur-Oust pour arriver \u00e0 Redon. Elle croise aussi celle de Pontivy-Rennes au niveau de Val-Coric, \u00e0 Guer.<\/p>\n<p>Cette nouvelle ligne 12 offre une alternative \u00e0 la voiture pour de nombreux salari\u00e9s travaillant dans des entreprises du secteur, comme Mix Buffet \u00e0 Guer, Yves Rocher \u00e0 la Gacilly, ou encore SCM \u00e0 Bains-sur-Oust. Elle permet aussi de rejoindre des p\u00f4les de services de proximit\u00e9 comme l\u2019h\u00f4pital et la gare de Redon. Par ailleurs, les scolaires b\u00e9n\u00e9ficient \u00e9galement de ces nouvelles dessertes.<\/p>\n<p>L\u2019exp\u00e9rimentation est co-financ\u00e9e par la R\u00e9gion Bretagne, l\u2019Oust \u00e0 Broc\u00e9liande communaut\u00e9, Redon agglom\u00e9ration et la communaut\u00e9 de communes de Broc\u00e9liande.<\/p>\n<p>Renseignement\u00a0: <a href=\"http:\/\/www.breizhgo.bzh\">www.breizhgo.bzh<\/a> 02 99\u00a0300\u00a0300 (prix d\u2019un appel local) du lundi au samedi 8h \u00e0 20h<\/p>\n<p>Voir les horaires\u00a0: <a href=\"https:\/\/www.breizhgo.bzh\/sites\/default\/files\/inline-files\/horaires-morbihan-printemps-ligne12_1.pdf\">https:\/\/www.breizhgo.bzh\/sites\/default\/files\/inline-files\/horaires-morbihan-printemps-ligne12_1.pdf<\/a><\/p>\n","protected":false},"excerpt":{"rendered":"<p>La R\u00e9gion Bretagne et les communaut\u00e9s de communes du territoire agissent pour faciliter la mobilit\u00e9 des habitant.e.s\u00a0 Une nouvelle ligne de transport en commun BreizhGo ouvre \u00e0 compter du 3 janvier 2023 entre Pl\u00e9lan-Le-Grand et Redon\u00a0 Dans un contexte \u00e9conomique et social difficile, les \u00e9lus locaux souhaitent apporter des r\u00e9ponses aux habitants en mati\u00e8re de [&hellip;]<\/p>\n","protected":false},"author":1,"featured_media":4775,"comment_status":"closed","ping_status":"open","sticky":false,"template":"","format":"standard","meta":[],"categories":[1,14],"tags":[],"_links":{"self":[{"href":"https:\/\/www.treffendel.fr\/index.php?rest_route=\/wp\/v2\/posts\/4774"}],"collection":[{"href":"https:\/\/www.treffendel.fr\/index.php?rest_route=\/wp\/v2\/posts"}],"about":[{"href":"https:\/\/www.treffendel.fr\/index.php?rest_route=\/wp\/v2\/types\/post"}],"author":[{"embeddable":true,"href":"https:\/\/www.treffendel.fr\/index.php?rest_route=\/wp\/v2\/users\/1"}],"replies":[{"embeddable":true,"href":"https:\/\/www.treffendel.fr\/index.php?rest_route=%2Fwp%2Fv2%2Fcomments&post=4774"}],"version-history":[{"count":1,"href":"https:\/\/www.treffendel.fr\/index.php?rest_route=\/wp\/v2\/posts\/4774\/revisions"}],"predecessor-version":[{"id":4776,"href":"https:\/\/www.treffendel.fr\/index.php?rest_route=\/wp\/v2\/posts\/4774\/revisions\/4776"}],"wp:featuredmedia":[{"embeddable":true,"href":"https:\/\/www.treffendel.fr\/index.php?rest_route=\/wp\/v2\/media\/4775"}],"wp:attachment":[{"href":"https:\/\/www.treffendel.fr\/index.php?rest_route=%2Fwp%2Fv2%2Fmedia&parent=4774"}],"wp:term":[{"taxonomy":"category","embeddable":true,"href":"https:\/\/www.treffendel.fr\/index.php?rest_route=%2Fwp%2Fv2%2Fcategories&post=4774"},{"taxonomy":"post_tag","embeddable":true,"href":"https:\/\/www.treffendel.fr\/index.php?rest_route=%2Fwp%2Fv2%2Ftags&post=4774"}],"curies":[{"name":"wp","href":"https:\/\/api.w.org\/{rel}","templated":true}]}}