{"id":4905,"date":"2023-02-17T15:08:53","date_gmt":"2023-02-17T14:08:53","guid":{"rendered":"https:\/\/www.treffendel.fr\/?p=4905"},"modified":"2023-03-08T09:30:37","modified_gmt":"2023-03-08T08:30:37","slug":"eclairage-public-changement-dhoraire","status":"publish","type":"post","link":"https:\/\/www.treffendel.fr\/?p=4905","title":{"rendered":"Eclairage public : changement d&rsquo;horaire"},"content":{"rendered":"\n<p>A compter de mi-septembre jusqu&rsquo;\u00e0 la fin du mois de mai, l&rsquo;extinction de l&rsquo;\u00e9clairage public se fera \u00e0 21 h 30 le soir et l&rsquo;allumage \u00e0 6 h 30 le matin<\/p>\n<p>De d\u00e9but juin \u00e0 mi-septembre, l&rsquo;\u00e9clairage public sera totalement interrompu sur l&rsquo;ensemble de la commune.<\/p>\n<p><a href=\"https:\/\/www.treffendel.fr\/wp-content\/uploads\/2023\/02\/02_Arrete-modificatif-eclairage-public-2023.pdf\">02_Arr\u00eat\u00e9 modificatif \u00e9clairage public 2023<\/a><\/p>\n","protected":false},"excerpt":{"rendered":"<p>A compter de mi-septembre jusqu&rsquo;\u00e0 la fin du mois de mai, l&rsquo;extinction de l&rsquo;\u00e9clairage public se fera \u00e0 21 h 30 le soir et l&rsquo;allumage \u00e0 6 h 30 le matin De d\u00e9but juin \u00e0 mi-septembre, l&rsquo;\u00e9clairage public sera totalement interrompu sur l&rsquo;ensemble de la commune. 02_Arr\u00eat\u00e9 modificatif \u00e9clairage public 2023<\/p>\n","protected":false},"author":1,"featured_media":0,"comment_status":"closed","ping_status":"open","sticky":false,"template":"","format":"standard","meta":[],"categories":[1,3],"tags":[],"_links":{"self":[{"href":"https:\/\/www.treffendel.fr\/index.php?rest_route=\/wp\/v2\/posts\/4905"}],"collection":[{"href":"https:\/\/www.treffendel.fr\/index.php?rest_route=\/wp\/v2\/posts"}],"about":[{"href":"https:\/\/www.treffendel.fr\/index.php?rest_route=\/wp\/v2\/types\/post"}],"author":[{"embeddable":true,"href":"https:\/\/www.treffendel.fr\/index.php?rest_route=\/wp\/v2\/users\/1"}],"replies":[{"embeddable":true,"href":"https:\/\/www.treffendel.fr\/index.php?rest_route=%2Fwp%2Fv2%2Fcomments&post=4905"}],"version-history":[{"count":2,"href":"https:\/\/www.treffendel.fr\/index.php?rest_route=\/wp\/v2\/posts\/4905\/revisions"}],"predecessor-version":[{"id":4922,"href":"https:\/\/www.treffendel.fr\/index.php?rest_route=\/wp\/v2\/posts\/4905\/revisions\/4922"}],"wp:attachment":[{"href":"https:\/\/www.treffendel.fr\/index.php?rest_route=%2Fwp%2Fv2%2Fmedia&parent=4905"}],"wp:term":[{"taxonomy":"category","embeddable":true,"href":"https:\/\/www.treffendel.fr\/index.php?rest_route=%2Fwp%2Fv2%2Fcategories&post=4905"},{"taxonomy":"post_tag","embeddable":true,"href":"https:\/\/www.treffendel.fr\/index.php?rest_route=%2Fwp%2Fv2%2Ftags&post=4905"}],"curies":[{"name":"wp","href":"https:\/\/api.w.org\/{rel}","templated":true}]}}