{"id":5234,"date":"2023-06-15T22:42:39","date_gmt":"2023-06-15T20:42:39","guid":{"rendered":"https:\/\/www.treffendel.fr\/?p=5234"},"modified":"2023-07-18T17:14:17","modified_gmt":"2023-07-18T15:14:17","slug":"apres-midi-convivial-pour-les-aidants","status":"publish","type":"post","link":"https:\/\/www.treffendel.fr\/?p=5234","title":{"rendered":"Apr\u00e8s-midi convivial pour les aidants"},"content":{"rendered":"\n<p class=\"v1MsoNormal\">A l&rsquo;initiative des \u00e9lues des communes de Maxent, Monterfil, Pl\u00e9lan le Grand et Treffendel et en lien avec les communes de Paimpont et Saint P\u00e9ran, un projet de soutien aux aidants et aux aid\u00e9s se met en place sur le territoire.<\/p>\n<p>Avec le soutien du Centre Social l&rsquo;Interval, du syndicat Mixte de Broc\u00e9liande et de la Plateforme d&rsquo;Accompagnement et de R\u00e9pit \u00ab\u00a0Accompagn&rsquo;aidants\u00a0\u00bb,\u00a0 un apr\u00e8s midi \u00e0 destination des aidants et des aid\u00e9s est organis\u00e9<\/p>\n<h3 align=\"center\"><b>le VENDREDI 5 JUILLET<\/b><\/h3>\n<h3 align=\"center\"><b>de 14h30 \u00e0 17h30<\/b><\/h3>\n<h3 align=\"center\"><b>\u00e0 la Ferme de la Bettangeais \u00e0 Monterfil<\/b><\/h3>\n<p class=\"v1MsoNormal\">Cet apr\u00e8s midi sera l&rsquo;occasion d&rsquo;un moment de partage autour de jeux en bois et d&rsquo;un gouter. Il est ouvert \u00e0 tous les aidants qui peuvent y venir seul ou accompagn\u00e9 de leur proche.<br \/><span class=\"v1fontstyle0\">Les objectifs de cette action sont de permettre aux aidants et aid\u00e9s de se rencontrer, de passer un temps convivial et d&rsquo;avoir acc\u00e8s \u00e0 de l&rsquo;information. Elle vise \u00e0 rompre l&rsquo;isolement et permettre des \u00e9changes spontan\u00e9s.<\/span><\/p>\n<p>\u00a0<\/p>\n","protected":false},"excerpt":{"rendered":"<p>A l&rsquo;initiative des \u00e9lues des communes de Maxent, Monterfil, Pl\u00e9lan le Grand et Treffendel et en lien avec les communes de Paimpont et Saint P\u00e9ran, un projet de soutien aux aidants et aux aid\u00e9s se met en place sur le territoire. Avec le soutien du Centre Social l&rsquo;Interval, du syndicat Mixte de Broc\u00e9liande et de [&hellip;]<\/p>\n","protected":false},"author":1,"featured_media":0,"comment_status":"closed","ping_status":"open","sticky":false,"template":"","format":"standard","meta":[],"categories":[1,18],"tags":[],"_links":{"self":[{"href":"https:\/\/www.treffendel.fr\/index.php?rest_route=\/wp\/v2\/posts\/5234"}],"collection":[{"href":"https:\/\/www.treffendel.fr\/index.php?rest_route=\/wp\/v2\/posts"}],"about":[{"href":"https:\/\/www.treffendel.fr\/index.php?rest_route=\/wp\/v2\/types\/post"}],"author":[{"embeddable":true,"href":"https:\/\/www.treffendel.fr\/index.php?rest_route=\/wp\/v2\/users\/1"}],"replies":[{"embeddable":true,"href":"https:\/\/www.treffendel.fr\/index.php?rest_route=%2Fwp%2Fv2%2Fcomments&post=5234"}],"version-history":[{"count":2,"href":"https:\/\/www.treffendel.fr\/index.php?rest_route=\/wp\/v2\/posts\/5234\/revisions"}],"predecessor-version":[{"id":5238,"href":"https:\/\/www.treffendel.fr\/index.php?rest_route=\/wp\/v2\/posts\/5234\/revisions\/5238"}],"wp:attachment":[{"href":"https:\/\/www.treffendel.fr\/index.php?rest_route=%2Fwp%2Fv2%2Fmedia&parent=5234"}],"wp:term":[{"taxonomy":"category","embeddable":true,"href":"https:\/\/www.treffendel.fr\/index.php?rest_route=%2Fwp%2Fv2%2Fcategories&post=5234"},{"taxonomy":"post_tag","embeddable":true,"href":"https:\/\/www.treffendel.fr\/index.php?rest_route=%2Fwp%2Fv2%2Ftags&post=5234"}],"curies":[{"name":"wp","href":"https:\/\/api.w.org\/{rel}","templated":true}]}}