{"id":5778,"date":"2024-04-16T10:41:57","date_gmt":"2024-04-16T08:41:57","guid":{"rendered":"https:\/\/www.treffendel.fr\/?p=5778"},"modified":"2024-04-19T12:15:51","modified_gmt":"2024-04-19T10:15:51","slug":"pixels-et-pop-corn","status":"publish","type":"post","link":"https:\/\/www.treffendel.fr\/?p=5778","title":{"rendered":"Pixels et Pop corn"},"content":{"rendered":"\n<p>Entre 2024 et 2026, Broc\u00e9liande Communaut\u00e9 explore le cin\u00e9ma d&rsquo;animation, accompagn\u00e9e par l&rsquo;Association Fran\u00e7aise du Cin\u00e9ma d&rsquo;Animation (AFCA).<\/p>\n<p>Durant ces trois ans, vous pourrez profiter de tout un pannel d&rsquo;activit\u00e9s : des ateliers d\u00e9ouverte de diff\u00e9rentes techniques d&rsquo;animation, de r\u00e9alisation, des projections itin\u00e9rantes et bien d&rsquo;autres surprises&#8230;<\/p>\n<p>En 2024, le r\u00e9seau des m\u00e9diath\u00e8ques et les 2 cin\u00e9mas vous accueilleront pour un programme riche en d\u00e9couvertes qui commence d\u00e8s le mois de mars.<\/p>\n<h4 style=\"text-align: center;\"><a href=\"https:\/\/www.cc-broceliande.bzh\/actualites\/pixel-et-popcorn-la-caravane-ensorcelee\/\" target=\"_blank\" rel=\"noopener noreferrer\">voir le programme<\/a><\/h4>\n","protected":false},"excerpt":{"rendered":"<p>Entre 2024 et 2026, Broc\u00e9liande Communaut\u00e9 explore le cin\u00e9ma d&rsquo;animation, accompagn\u00e9e par l&rsquo;Association Fran\u00e7aise du Cin\u00e9ma d&rsquo;Animation (AFCA). Durant ces trois ans, vous pourrez profiter de tout un pannel d&rsquo;activit\u00e9s : des ateliers d\u00e9ouverte de diff\u00e9rentes techniques d&rsquo;animation, de r\u00e9alisation, des projections itin\u00e9rantes et bien d&rsquo;autres surprises&#8230; En 2024, le r\u00e9seau des m\u00e9diath\u00e8ques et les [&hellip;]<\/p>\n","protected":false},"author":1,"featured_media":5926,"comment_status":"closed","ping_status":"open","sticky":false,"template":"","format":"standard","meta":[],"categories":[1,25,5],"tags":[],"_links":{"self":[{"href":"https:\/\/www.treffendel.fr\/index.php?rest_route=\/wp\/v2\/posts\/5778"}],"collection":[{"href":"https:\/\/www.treffendel.fr\/index.php?rest_route=\/wp\/v2\/posts"}],"about":[{"href":"https:\/\/www.treffendel.fr\/index.php?rest_route=\/wp\/v2\/types\/post"}],"author":[{"embeddable":true,"href":"https:\/\/www.treffendel.fr\/index.php?rest_route=\/wp\/v2\/users\/1"}],"replies":[{"embeddable":true,"href":"https:\/\/www.treffendel.fr\/index.php?rest_route=%2Fwp%2Fv2%2Fcomments&post=5778"}],"version-history":[{"count":2,"href":"https:\/\/www.treffendel.fr\/index.php?rest_route=\/wp\/v2\/posts\/5778\/revisions"}],"predecessor-version":[{"id":5927,"href":"https:\/\/www.treffendel.fr\/index.php?rest_route=\/wp\/v2\/posts\/5778\/revisions\/5927"}],"wp:featuredmedia":[{"embeddable":true,"href":"https:\/\/www.treffendel.fr\/index.php?rest_route=\/wp\/v2\/media\/5926"}],"wp:attachment":[{"href":"https:\/\/www.treffendel.fr\/index.php?rest_route=%2Fwp%2Fv2%2Fmedia&parent=5778"}],"wp:term":[{"taxonomy":"category","embeddable":true,"href":"https:\/\/www.treffendel.fr\/index.php?rest_route=%2Fwp%2Fv2%2Fcategories&post=5778"},{"taxonomy":"post_tag","embeddable":true,"href":"https:\/\/www.treffendel.fr\/index.php?rest_route=%2Fwp%2Fv2%2Ftags&post=5778"}],"curies":[{"name":"wp","href":"https:\/\/api.w.org\/{rel}","templated":true}]}}