{"id":5794,"date":"2024-02-22T14:31:44","date_gmt":"2024-02-22T13:31:44","guid":{"rendered":"https:\/\/www.treffendel.fr\/?p=5794"},"modified":"2024-03-04T09:13:51","modified_gmt":"2024-03-04T08:13:51","slug":"bien-viellir-chez-soi","status":"publish","type":"post","link":"https:\/\/www.treffendel.fr\/?p=5794","title":{"rendered":"Bien viellir chez soi"},"content":{"rendered":"\n<div id=\"lead_block_035e248db27df9ee59888a4c352e8ea5\" class=\"wp-block-novablocks wp-block-lead\">\n<p>O\u00f9 se voit-on vieillir une fois \u00e0 la retraite ? Et avec qui ? Quels sont les am\u00e9nagements int\u00e9rieurs \u00e0 privil\u00e9gier ?<\/p>\n<\/div>\n<p>Dans l\u2019objectif de r\u00e9pondre aux probl\u00e9matiques r\u00e9elles des jeunes seniors et de leurs familles, l<strong>a Caisse locale de Groupama Loire Bretagne de Br\u00e9al-St Thurial propose une apr\u00e8s-midi d\u2019information et pr\u00e9vention<\/strong> avec des acteurs locaux sur le th\u00e8me \u00ab\u00a0Bien vieillir chez soi\u00a0\u00bb,<\/p>\n<h3><strong>jeudi 29 f\u00e9vrier 2024 de 14h \u00e0 17h30<\/strong>,<\/h3>\n<p><strong>au Centre culturel Broc\u00e9liande.<\/strong><\/p>\n<p><a href=\"https:\/\/www.brealsousmontfort.fr\/agenda\/conference-et-ateliers-sur-le-bien-vieillir-chez-soi\/\" target=\"_blank\" rel=\"noopener noreferrer\">plus d&rsquo;infos<\/a><\/p>\n","protected":false},"excerpt":{"rendered":"<p>O\u00f9 se voit-on vieillir une fois \u00e0 la retraite ? Et avec qui ? Quels sont les am\u00e9nagements int\u00e9rieurs \u00e0 privil\u00e9gier ? Dans l\u2019objectif de r\u00e9pondre aux probl\u00e9matiques r\u00e9elles des jeunes seniors et de leurs familles, la Caisse locale de Groupama Loire Bretagne de Br\u00e9al-St Thurial propose une apr\u00e8s-midi d\u2019information et pr\u00e9vention avec des acteurs [&hellip;]<\/p>\n","protected":false},"author":1,"featured_media":0,"comment_status":"closed","ping_status":"open","sticky":false,"template":"","format":"standard","meta":[],"categories":[1,18,4],"tags":[],"_links":{"self":[{"href":"https:\/\/www.treffendel.fr\/index.php?rest_route=\/wp\/v2\/posts\/5794"}],"collection":[{"href":"https:\/\/www.treffendel.fr\/index.php?rest_route=\/wp\/v2\/posts"}],"about":[{"href":"https:\/\/www.treffendel.fr\/index.php?rest_route=\/wp\/v2\/types\/post"}],"author":[{"embeddable":true,"href":"https:\/\/www.treffendel.fr\/index.php?rest_route=\/wp\/v2\/users\/1"}],"replies":[{"embeddable":true,"href":"https:\/\/www.treffendel.fr\/index.php?rest_route=%2Fwp%2Fv2%2Fcomments&post=5794"}],"version-history":[{"count":1,"href":"https:\/\/www.treffendel.fr\/index.php?rest_route=\/wp\/v2\/posts\/5794\/revisions"}],"predecessor-version":[{"id":5795,"href":"https:\/\/www.treffendel.fr\/index.php?rest_route=\/wp\/v2\/posts\/5794\/revisions\/5795"}],"wp:attachment":[{"href":"https:\/\/www.treffendel.fr\/index.php?rest_route=%2Fwp%2Fv2%2Fmedia&parent=5794"}],"wp:term":[{"taxonomy":"category","embeddable":true,"href":"https:\/\/www.treffendel.fr\/index.php?rest_route=%2Fwp%2Fv2%2Fcategories&post=5794"},{"taxonomy":"post_tag","embeddable":true,"href":"https:\/\/www.treffendel.fr\/index.php?rest_route=%2Fwp%2Fv2%2Ftags&post=5794"}],"curies":[{"name":"wp","href":"https:\/\/api.w.org\/{rel}","templated":true}]}}