{"id":5842,"date":"2024-04-19T09:28:38","date_gmt":"2024-04-19T07:28:38","guid":{"rendered":"https:\/\/www.treffendel.fr\/?p=5842"},"modified":"2024-08-05T16:00:24","modified_gmt":"2024-08-05T14:00:24","slug":"job-dete-%f0%9f%93%a3recrutement-ete-2024","status":"publish","type":"post","link":"https:\/\/www.treffendel.fr\/?p=5842","title":{"rendered":"Job d&rsquo;\u00e9t\u00e9 &#x1f4e3;[RECRUTEMENT ETE 2024]"},"content":{"rendered":"\n<div class=\"v1gmail_quote\">On recrute pour compl\u00e9ter nos \u00e9quipes d&rsquo;animation<\/div>\n<ul>\n<li>\n<h3>Animateur.trice.s \u00ab\u00a0enfance inclusion\u00a0\u00bb<\/h3>\n<\/li>\n<li>\n<h3>Animateur.trice.s \u00ab\u00a0jeunesse\u00a0\u00bb\u00a0CDD 90%<br \/>(<a href=\"https:\/\/www.treffendel.fr\/wp-content\/uploads\/2024\/03\/AFFICHE-Poste-animateur-Jeunesse-CDD-LInterVal.pdf\">voir l&rsquo;offre<\/a>)<\/h3>\n<\/li>\n<\/ul>\n<p>\u00a0<\/p>\n<div><img loading=\"lazy\" class=\"alignnone size-full wp-image-5904\" src=\"https:\/\/www.treffendel.fr\/wp-content\/uploads\/2024\/03\/AFFICHES-OFFRES-D_EMPLOI-ENFANCE-2024.jpg\" alt=\"\" width=\"566\" height=\"800\" srcset=\"https:\/\/www.treffendel.fr\/wp-content\/uploads\/2024\/03\/AFFICHES-OFFRES-D_EMPLOI-ENFANCE-2024.jpg 566w, https:\/\/www.treffendel.fr\/wp-content\/uploads\/2024\/03\/AFFICHES-OFFRES-D_EMPLOI-ENFANCE-2024-212x300.jpg 212w\" sizes=\"(max-width: 566px) 100vw, 566px\" \/><\/div>\n<div style=\"text-align: center;\"><strong> <a href=\"https:\/\/www.treffendel.fr\/wp-content\/uploads\/2024\/03\/Animateur-enfance-inclusion-DESCRIPTIF-OFFRE.pdf\">Animateur enfance inclusion DESCRIPTIF OFFRE<\/a><\/strong><\/div>\n<div>\u00a0<\/div>\n<div class=\"v1gmail_quote\">pour l&rsquo;\u00e9t\u00e9!&#x1f31e;<br \/>Plusieurs postes :<br \/>&#8211; Animateur.trice.s jeunesse du 8 juillet au 2 ao\u00fbt<br \/>&#8211; Animateur.trice.s enfance du 8 juillet au 2 ao\u00fbt et\/ou du 5 au 29 ao\u00fbt<br \/>&#8211; Animateur.trice enfance R\u00c9F\u00c9RENT d&rsquo;un accueil de loisirs du 8 juillet au 2 ao\u00fbt<\/div>\n<div class=\"v1gmail_quote\">\u00a0<br \/>&#x1f4cc;Une disponibilit\u00e9 sur des journ\u00e9es de pr\u00e9paration sont \u00e0 pr\u00e9voir avant l&rsquo;\u00e9t\u00e9<br \/><br \/>&#x1f449;Tu as l&rsquo;esprit d&rsquo;\u00e9quipe, tu es motiv\u00e9 et dynamique&#8230;Rejoins nous !<img loading=\"lazy\" class=\"alignnone size-full wp-image-5844\" src=\"https:\/\/www.treffendel.fr\/wp-content\/uploads\/2024\/03\/AFFICHES-OFFRES-D_EMPLOI-ENFANCE-ETE-2024.jpg\" alt=\"\" width=\"452\" height=\"640\" srcset=\"https:\/\/www.treffendel.fr\/wp-content\/uploads\/2024\/03\/AFFICHES-OFFRES-D_EMPLOI-ENFANCE-ETE-2024.jpg 452w, https:\/\/www.treffendel.fr\/wp-content\/uploads\/2024\/03\/AFFICHES-OFFRES-D_EMPLOI-ENFANCE-ETE-2024-212x300.jpg 212w\" sizes=\"(max-width: 452px) 100vw, 452px\" \/> <img loading=\"lazy\" class=\"alignnone size-full wp-image-5845\" src=\"https:\/\/www.treffendel.fr\/wp-content\/uploads\/2024\/03\/Affiche-offre-d_emploi-anim-JEUNESSE-2024.jpg\" alt=\"\" width=\"452\" height=\"640\" srcset=\"https:\/\/www.treffendel.fr\/wp-content\/uploads\/2024\/03\/Affiche-offre-d_emploi-anim-JEUNESSE-2024.jpg 452w, https:\/\/www.treffendel.fr\/wp-content\/uploads\/2024\/03\/Affiche-offre-d_emploi-anim-JEUNESSE-2024-212x300.jpg 212w\" sizes=\"(max-width: 452px) 100vw, 452px\" \/><img loading=\"lazy\" class=\"alignnone size-full wp-image-5846\" src=\"https:\/\/www.treffendel.fr\/wp-content\/uploads\/2024\/03\/AFFICHES-OFFRES-D_EMPLOI-ENFANCE-ETE-2024-1.jpg\" alt=\"\" width=\"452\" height=\"640\" srcset=\"https:\/\/www.treffendel.fr\/wp-content\/uploads\/2024\/03\/AFFICHES-OFFRES-D_EMPLOI-ENFANCE-ETE-2024-1.jpg 452w, https:\/\/www.treffendel.fr\/wp-content\/uploads\/2024\/03\/AFFICHES-OFFRES-D_EMPLOI-ENFANCE-ETE-2024-1-212x300.jpg 212w\" sizes=\"(max-width: 452px) 100vw, 452px\" \/><\/div>\n","protected":false},"excerpt":{"rendered":"<p>On recrute pour compl\u00e9ter nos \u00e9quipes d&rsquo;animation Animateur.trice.s \u00ab\u00a0enfance inclusion\u00a0\u00bb Animateur.trice.s \u00ab\u00a0jeunesse\u00a0\u00bb\u00a0CDD 90%(voir l&rsquo;offre) \u00a0 Animateur enfance inclusion DESCRIPTIF OFFRE \u00a0 pour l&rsquo;\u00e9t\u00e9!&#x1f31e;Plusieurs postes :&#8211; Animateur.trice.s jeunesse du 8 juillet au 2 ao\u00fbt&#8211; Animateur.trice.s enfance du 8 juillet au 2 ao\u00fbt et\/ou du 5 au 29 ao\u00fbt&#8211; Animateur.trice enfance R\u00c9F\u00c9RENT d&rsquo;un accueil de loisirs du [&hellip;]<\/p>\n","protected":false},"author":1,"featured_media":0,"comment_status":"closed","ping_status":"open","sticky":false,"template":"","format":"standard","meta":[],"categories":[1,2,15],"tags":[],"_links":{"self":[{"href":"https:\/\/www.treffendel.fr\/index.php?rest_route=\/wp\/v2\/posts\/5842"}],"collection":[{"href":"https:\/\/www.treffendel.fr\/index.php?rest_route=\/wp\/v2\/posts"}],"about":[{"href":"https:\/\/www.treffendel.fr\/index.php?rest_route=\/wp\/v2\/types\/post"}],"author":[{"embeddable":true,"href":"https:\/\/www.treffendel.fr\/index.php?rest_route=\/wp\/v2\/users\/1"}],"replies":[{"embeddable":true,"href":"https:\/\/www.treffendel.fr\/index.php?rest_route=%2Fwp%2Fv2%2Fcomments&post=5842"}],"version-history":[{"count":5,"href":"https:\/\/www.treffendel.fr\/index.php?rest_route=\/wp\/v2\/posts\/5842\/revisions"}],"predecessor-version":[{"id":5922,"href":"https:\/\/www.treffendel.fr\/index.php?rest_route=\/wp\/v2\/posts\/5842\/revisions\/5922"}],"wp:attachment":[{"href":"https:\/\/www.treffendel.fr\/index.php?rest_route=%2Fwp%2Fv2%2Fmedia&parent=5842"}],"wp:term":[{"taxonomy":"category","embeddable":true,"href":"https:\/\/www.treffendel.fr\/index.php?rest_route=%2Fwp%2Fv2%2Fcategories&post=5842"},{"taxonomy":"post_tag","embeddable":true,"href":"https:\/\/www.treffendel.fr\/index.php?rest_route=%2Fwp%2Fv2%2Ftags&post=5842"}],"curies":[{"name":"wp","href":"https:\/\/api.w.org\/{rel}","templated":true}]}}