{"id":5891,"date":"2024-04-09T14:04:45","date_gmt":"2024-04-09T12:04:45","guid":{"rendered":"https:\/\/www.treffendel.fr\/?p=5891"},"modified":"2024-05-07T10:04:51","modified_gmt":"2024-05-07T08:04:51","slug":"semaine-des-metiers-du-soin-et-de-laccompagnement-du-15-au-26-avril-2024","status":"publish","type":"post","link":"https:\/\/www.treffendel.fr\/?p=5891","title":{"rendered":"Semaine des m\u00e9tiers du soin et de l&rsquo;accompagnement du 15 au 26 avril 2024"},"content":{"rendered":"\n<h3>Exploration du secteur du soin et de l\u2019accompagnement<\/h3>\n<h4>Portes ouvertes, t\u00e9moignages m\u00e9tier<\/h4>\n<p>De la petite enfance jusqu\u2019au grand \u00e2ge, en structures ou \u00e0 domicile, pour des personnes en perte d\u2019autonomie ou en situation de handicap, durant La semaine des m\u00e9tiers du soin et de l&rsquo;accompagnement, il vous est propos\u00e9 de participer \u00e0 diff\u00e9rents \u00e9v\u00e9nements pour \u00e9changer avec des professionnels et des b\u00e9n\u00e9ficiaires.<br \/>L\u2019opportunit\u00e9 sera offerte aux participants d\u2019explorer ces secteurs essentiels pour le bien-\u00eatre des individus et de d\u00e9couvrir la diversit\u00e9 des m\u00e9tiers par le biais de portes ouvertes, de t\u00e9moignages m\u00e9tiers ou encore de \u00ab vis ma vie \u00bb.<\/p>\n<p><img loading=\"lazy\" class=\"alignnone size-full wp-image-5893\" src=\"https:\/\/www.treffendel.fr\/wp-content\/uploads\/2024\/04\/portes-ouverte-metiers-du-soin.jpg\" alt=\"\" width=\"774\" height=\"684\" srcset=\"https:\/\/www.treffendel.fr\/wp-content\/uploads\/2024\/04\/portes-ouverte-metiers-du-soin.jpg 774w, https:\/\/www.treffendel.fr\/wp-content\/uploads\/2024\/04\/portes-ouverte-metiers-du-soin-300x265.jpg 300w, https:\/\/www.treffendel.fr\/wp-content\/uploads\/2024\/04\/portes-ouverte-metiers-du-soin-768x679.jpg 768w\" sizes=\"(max-width: 774px) 100vw, 774px\" \/><\/p>\n<h4>Vis ma vie\u2026<\/h4>\n<p>Un \u00ab\u00a0Vis ma vie\u00a0\u00bb est une exp\u00e9rience o\u00f9 une personne se met \u00e0 la place d&rsquo;une autre pour vivre temporairement son quotidien, afin de mieux comprendre sa r\u00e9alit\u00e9 et ses d\u00e9fis, l\u2019occasion de mieux comprendre le quotidien d\u2019un m\u00e9tier.<\/p>\n<p><img loading=\"lazy\" class=\"alignnone size-full wp-image-5895\" src=\"https:\/\/www.treffendel.fr\/wp-content\/uploads\/2024\/04\/portes-ouverte-metiers-du-soin-1.jpg\" alt=\"\" width=\"670\" height=\"315\" srcset=\"https:\/\/www.treffendel.fr\/wp-content\/uploads\/2024\/04\/portes-ouverte-metiers-du-soin-1.jpg 670w, https:\/\/www.treffendel.fr\/wp-content\/uploads\/2024\/04\/portes-ouverte-metiers-du-soin-1-300x141.jpg 300w\" sizes=\"(max-width: 670px) 100vw, 670px\" \/><\/p>\n<h3><a href=\"https:\/\/ess-broceliande.bzh\/actualites\/semaine-des-metiers-du-soins-et-de-l-accompagnement-64\" target=\"_blank\" rel=\"noopener noreferrer\">programme complet ici<\/a><\/h3>\n","protected":false},"excerpt":{"rendered":"<p>Exploration du secteur du soin et de l\u2019accompagnement Portes ouvertes, t\u00e9moignages m\u00e9tier De la petite enfance jusqu\u2019au grand \u00e2ge, en structures ou \u00e0 domicile, pour des personnes en perte d\u2019autonomie ou en situation de handicap, durant La semaine des m\u00e9tiers du soin et de l&rsquo;accompagnement, il vous est propos\u00e9 de participer \u00e0 diff\u00e9rents \u00e9v\u00e9nements pour [&hellip;]<\/p>\n","protected":false},"author":1,"featured_media":0,"comment_status":"closed","ping_status":"open","sticky":false,"template":"","format":"standard","meta":[],"categories":[1,18,4],"tags":[],"_links":{"self":[{"href":"https:\/\/www.treffendel.fr\/index.php?rest_route=\/wp\/v2\/posts\/5891"}],"collection":[{"href":"https:\/\/www.treffendel.fr\/index.php?rest_route=\/wp\/v2\/posts"}],"about":[{"href":"https:\/\/www.treffendel.fr\/index.php?rest_route=\/wp\/v2\/types\/post"}],"author":[{"embeddable":true,"href":"https:\/\/www.treffendel.fr\/index.php?rest_route=\/wp\/v2\/users\/1"}],"replies":[{"embeddable":true,"href":"https:\/\/www.treffendel.fr\/index.php?rest_route=%2Fwp%2Fv2%2Fcomments&post=5891"}],"version-history":[{"count":3,"href":"https:\/\/www.treffendel.fr\/index.php?rest_route=\/wp\/v2\/posts\/5891\/revisions"}],"predecessor-version":[{"id":5896,"href":"https:\/\/www.treffendel.fr\/index.php?rest_route=\/wp\/v2\/posts\/5891\/revisions\/5896"}],"wp:attachment":[{"href":"https:\/\/www.treffendel.fr\/index.php?rest_route=%2Fwp%2Fv2%2Fmedia&parent=5891"}],"wp:term":[{"taxonomy":"category","embeddable":true,"href":"https:\/\/www.treffendel.fr\/index.php?rest_route=%2Fwp%2Fv2%2Fcategories&post=5891"},{"taxonomy":"post_tag","embeddable":true,"href":"https:\/\/www.treffendel.fr\/index.php?rest_route=%2Fwp%2Fv2%2Ftags&post=5891"}],"curies":[{"name":"wp","href":"https:\/\/api.w.org\/{rel}","templated":true}]}}