{"id":6454,"date":"2025-03-19T09:13:45","date_gmt":"2025-03-19T08:13:45","guid":{"rendered":"https:\/\/www.treffendel.fr\/?p=6454"},"modified":"2025-03-19T09:18:13","modified_gmt":"2025-03-19T08:18:13","slug":"recrutement-de-familles-daccueil","status":"publish","type":"post","link":"https:\/\/www.treffendel.fr\/?p=6454","title":{"rendered":"Recrutement de familles d&rsquo;accueil"},"content":{"rendered":"\n<p><img loading=\"lazy\" class=\"alignnone size-full wp-image-6455\" src=\"https:\/\/www.treffendel.fr\/wp-content\/uploads\/2025\/03\/recrutement_familles_CD35.jpg\" alt=\"\" width=\"1588\" height=\"1122\" srcset=\"https:\/\/www.treffendel.fr\/wp-content\/uploads\/2025\/03\/recrutement_familles_CD35.jpg 1588w, https:\/\/www.treffendel.fr\/wp-content\/uploads\/2025\/03\/recrutement_familles_CD35-300x212.jpg 300w, https:\/\/www.treffendel.fr\/wp-content\/uploads\/2025\/03\/recrutement_familles_CD35-1024x724.jpg 1024w, https:\/\/www.treffendel.fr\/wp-content\/uploads\/2025\/03\/recrutement_familles_CD35-768x543.jpg 768w, https:\/\/www.treffendel.fr\/wp-content\/uploads\/2025\/03\/recrutement_familles_CD35-1536x1085.jpg 1536w, https:\/\/www.treffendel.fr\/wp-content\/uploads\/2025\/03\/recrutement_familles_CD35-900x636.jpg 900w, https:\/\/www.treffendel.fr\/wp-content\/uploads\/2025\/03\/recrutement_familles_CD35-1280x904.jpg 1280w\" sizes=\"(max-width: 1588px) 100vw, 1588px\" \/><\/p>\n<p><span data-olk-copy-source=\"MessageBody\">\u00catre famille d\u2019accueil c\u2019est accueillir \u00e0 son domicile un ou plusieurs enfants \u00e2g\u00e9s de 0 \u00e0 21 ans, confi\u00e9s \u00e0 l\u2019aide sociale \u00e0 l\u2019enfance. Les accompagner au quotidien, les aider \u00e0 se construire en favorisant leur int\u00e9gration dans un cadre familial, en prenant en compte leurs besoins et capacit\u00e9s, et en permettant le maintien des liens avec leur famille. L\u2019assistant familial assure ainsi l\u2019ensemble des actes n\u00e9cessaires \u00e0 leur d\u00e9veloppement physique, psycho-affectif et social. Cet accueil est le plus souvent de longue dur\u00e9e mais il peut aussi s\u2019exercer de fa\u00e7on ponctuelle.<\/span><\/p>\n<p>Int\u00e9gr\u00e9 au sein d\u2019une \u00e9quipe pluridisciplinaire, les assistants familiaux sont agr\u00e9\u00e9s, form\u00e9s et r\u00e9mun\u00e9r\u00e9s par le D\u00e9partement.<\/p>\n<p>Le D\u00e9partement d\u2019Ille-et-Vilaine souhaite recruter des Bretilliennes et des Bretilliens pr\u00eats \u00e0 s\u2019engager dans cette aventure professionnelle, partout sur le territoire d\u00e9partemental pour d\u00e9velopper le nombre de places d\u2019accueil, faire face aux besoins croissants et anticiper les d\u00e9parts en retraite.<\/p>\n<p><a href=\"https:\/\/www.ille-et-vilaine.fr\/assistant-familial\" target=\"_blank\" rel=\"noopener noreferrer\">Plus d&rsquo;infos et r\u00e9unions d&rsquo;information : voir ici<\/a><\/p>\n","protected":false},"excerpt":{"rendered":"<p>\u00catre famille d\u2019accueil c\u2019est accueillir \u00e0 son domicile un ou plusieurs enfants \u00e2g\u00e9s de 0 \u00e0 21 ans, confi\u00e9s \u00e0 l\u2019aide sociale \u00e0 l\u2019enfance. Les accompagner au quotidien, les aider \u00e0 se construire en favorisant leur int\u00e9gration dans un cadre familial, en prenant en compte leurs besoins et capacit\u00e9s, et en permettant le maintien des [&hellip;]<\/p>\n","protected":false},"author":1,"featured_media":6458,"comment_status":"closed","ping_status":"open","sticky":true,"template":"","format":"standard","meta":[],"categories":[1,20,15],"tags":[],"_links":{"self":[{"href":"https:\/\/www.treffendel.fr\/index.php?rest_route=\/wp\/v2\/posts\/6454"}],"collection":[{"href":"https:\/\/www.treffendel.fr\/index.php?rest_route=\/wp\/v2\/posts"}],"about":[{"href":"https:\/\/www.treffendel.fr\/index.php?rest_route=\/wp\/v2\/types\/post"}],"author":[{"embeddable":true,"href":"https:\/\/www.treffendel.fr\/index.php?rest_route=\/wp\/v2\/users\/1"}],"replies":[{"embeddable":true,"href":"https:\/\/www.treffendel.fr\/index.php?rest_route=%2Fwp%2Fv2%2Fcomments&post=6454"}],"version-history":[{"count":2,"href":"https:\/\/www.treffendel.fr\/index.php?rest_route=\/wp\/v2\/posts\/6454\/revisions"}],"predecessor-version":[{"id":6457,"href":"https:\/\/www.treffendel.fr\/index.php?rest_route=\/wp\/v2\/posts\/6454\/revisions\/6457"}],"wp:featuredmedia":[{"embeddable":true,"href":"https:\/\/www.treffendel.fr\/index.php?rest_route=\/wp\/v2\/media\/6458"}],"wp:attachment":[{"href":"https:\/\/www.treffendel.fr\/index.php?rest_route=%2Fwp%2Fv2%2Fmedia&parent=6454"}],"wp:term":[{"taxonomy":"category","embeddable":true,"href":"https:\/\/www.treffendel.fr\/index.php?rest_route=%2Fwp%2Fv2%2Fcategories&post=6454"},{"taxonomy":"post_tag","embeddable":true,"href":"https:\/\/www.treffendel.fr\/index.php?rest_route=%2Fwp%2Fv2%2Ftags&post=6454"}],"curies":[{"name":"wp","href":"https:\/\/api.w.org\/{rel}","templated":true}]}}